{"id":7621,"date":"2023-10-25T12:50:22","date_gmt":"2023-10-25T17:50:22","guid":{"rendered":"https:\/\/legrape.ca\/?p=7621"},"modified":"2023-10-25T12:53:55","modified_gmt":"2023-10-25T17:53:55","slug":"sans-indexation-la-defense-collective-des-droits-se-meurt","status":"publish","type":"post","link":"https:\/\/legrape.ca\/index.php\/2023\/10\/25\/sans-indexation-la-defense-collective-des-droits-se-meurt\/","title":{"rendered":"Sans indexation, la d\u00e9fense collective des droits se meurt"},"content":{"rendered":"\n<p>COMMUNIQU\u00c9<br><strong>Pour diffusion imm\u00e9diate<\/strong><\/p>\n\n\n\n<p><strong>SANS INDEXATION, LA D\u00c9FENSE COLLECTIVE DES DROITS SE MEURT<br>Les groupes exigent un investissement dans la mise \u00e0 jour \u00e9conomique de novembre<\/strong><\/p>\n\n\n\n<p><strong>Qu\u00e9bec, le 25 octobre 2023 &#8211;<\/strong> les groupes de d\u00e9fense collective des droits de Qu\u00e9bec et de Chaudi\u00e8re-Appalaches unissent leur voix pour exiger l&rsquo;indexation de leurs subventions. L&rsquo;absence d&rsquo;un processus d\u2019indexation a des cons\u00e9quences importantes sur la capacit\u00e9 de ces groupes \u00e0 mener \u00e0 bien leur mission essentielle de protection et de promotion des droits fondamentaux des qu\u00e9b\u00e9cois-e-s.<\/p>\n\n\n\n<p>\u00c0 l\u2019instar du reste du r\u00e9seau d\u2019action communautaire, le secteur de la d\u00e9fense collective des droits souffre d\u2019un sous-financement chronique. Malgr\u00e9 ce retard historique, les subventions des groupes ne sont pas index\u00e9es annuellement alors que l\u2019inflation frise toujours les 4%.<\/p>\n\n\n\n<p>\u00ab Avec l\u2019augmentation rapide du co\u00fbt de la vie, il est extr\u00eamement difficile de r\u00e9pondre \u00e0 une augmentation fulgurante des demandes d\u2019aide. C\u2019est d\u2019autant plus alarmant que la stagnation de notre financement nous place \u00e0 tr\u00e8s court terme devant des choix difficiles : r\u00e9duire les services offerts, r\u00e9duire les conditions de travail ou r\u00e9duire les \u00e9quipes \u00bb, illustreLydia Didier.<\/p>\n\n\n\n<p>\u00ab C\u2019est la m\u00eame situation qu\u2019on retrouve chez l\u2019ensemble des groupes de d\u00e9fenses de droits, ajoute Lydia Didier<strong>.<\/strong> \u00ab Pour notre secteur, le soutien \u00e0 la mission est absolument vital, il nous permet de conserver l\u2019ind\u00e9pendance n\u00e9cessaire pour adresser publiquement les attaques envers les droits de la population. \u00bb<\/p>\n\n\n\n<p>\u00ab Le secteur de la d\u00e9fense de droits est essentiel pour le Qu\u00e9bec, c\u2019est une richesse collective et un rempart pour le respect des droits fondamentaux. La crise du logement, l\u2019augmentation du co\u00fbt de la vie, l\u2019augmentation de l\u2019itin\u00e9rance, la d\u00e9gradation des services publics placent de plus en plus de personnes, majoritairement des femmes, devant une d\u00e9gradation rapide de leurs conditions de vie et de leurs droits. Il est essentiel de soutenir ad\u00e9quatement les groupes qui, non seulement offrent de nombreux services \u00e0 la population, mais qui prennent la parole pour celles et ceux qui n\u2019ont pas voix au chapitre. \u00bb conclut Lydia Didier.<\/p>\n\n\n\n<p>Il y a actuellement beaucoup de col\u00e8re et d\u2019incompr\u00e9hension parmi les groupes de d\u00e9fense de droits \u00ab On se sent abandonn\u00e9 par la ministre Rouleau qui fait la sourde oreille face \u00e0 nos demandes r\u00e9p\u00e9t\u00e9es et \u00e9galement par le gouvernement Legault, qui nous a fait de belles promesses en d\u00e9posant le Plan d\u2019Action gouvernemental sur l\u2019action communautaire, mais qui aujourd\u2019hui nous laisse carr\u00e9ment tomber \u00bb, constate Lydia Didier.<\/p>\n\n\n\n<p>Les groupes demandent \u00e0 la ministre Rouleau et au premier ministre Legault de s\u2019engager d\u00e8s la mise \u00e0 jour \u00e9conomique de novembre \u00e0 assurer un niveau de financement stable aux des groupes de d\u00e9fense de droits en s\u2019engageant \u00e0 mettre en place un processus d\u2019indexation de leur subvention qui tiennent compte du revenu horaire moyen et de la hausse du co\u00fbt de la vie.<\/p>\n\n\n\n<p>&nbsp;-30-<\/p>\n\n\n\n<p>Pour information:<br>Lydia Didier, Directrice G\u00e9n\u00e9rale<br>T\u00e9l\u00e9phone: 418-522-7356<\/p>\n\n\n\nT\u00e9l\u00e9charger la <a href=\"https:\/\/legrape.ca\/doc\/cp-202310-001.pdf\" style=\"color: #98005d;\"><strong>version PDF<\/strong><\/a>.\n","protected":false},"excerpt":{"rendered":"<p>COMMUNIQU\u00c9Pour diffusion imm\u00e9diate SANS INDEXATION, LA D\u00c9FENSE COLLECTIVE DES DROITS SE MEURTLes groupes exigent un investissement dans la mise \u00e0 jour \u00e9conomique de novembre Qu\u00e9bec, le 25 octobre 2023 &#8211; les groupes de d\u00e9fense collective des droits de Qu\u00e9bec et de Chaudi\u00e8re-Appalaches unissent leur voix pour exiger l&rsquo;indexation de leurs subventions. L&rsquo;absence d&rsquo;un processus d\u2019indexation [&hellip;]<\/p>\n","protected":false},"author":1,"featured_media":7623,"comment_status":"open","ping_status":"open","sticky":false,"template":"","format":"standard","meta":{"footnotes":""},"categories":[70],"tags":[],"class_list":["post-7621","post","type-post","status-publish","format-standard","has-post-thumbnail","hentry","category-presse"],"_links":{"self":[{"href":"https:\/\/legrape.ca\/index.php\/wp-json\/wp\/v2\/posts\/7621","targetHints":{"allow":["GET"]}}],"collection":[{"href":"https:\/\/legrape.ca\/index.php\/wp-json\/wp\/v2\/posts"}],"about":[{"href":"https:\/\/legrape.ca\/index.php\/wp-json\/wp\/v2\/types\/post"}],"author":[{"embeddable":true,"href":"https:\/\/legrape.ca\/index.php\/wp-json\/wp\/v2\/users\/1"}],"replies":[{"embeddable":true,"href":"https:\/\/legrape.ca\/index.php\/wp-json\/wp\/v2\/comments?post=7621"}],"version-history":[{"count":0,"href":"https:\/\/legrape.ca\/index.php\/wp-json\/wp\/v2\/posts\/7621\/revisions"}],"wp:featuredmedia":[{"embeddable":true,"href":"https:\/\/legrape.ca\/index.php\/wp-json\/wp\/v2\/media\/7623"}],"wp:attachment":[{"href":"https:\/\/legrape.ca\/index.php\/wp-json\/wp\/v2\/media?parent=7621"}],"wp:term":[{"taxonomy":"category","embeddable":true,"href":"https:\/\/legrape.ca\/index.php\/wp-json\/wp\/v2\/categories?post=7621"},{"taxonomy":"post_tag","embeddable":true,"href":"https:\/\/legrape.ca\/index.php\/wp-json\/wp\/v2\/tags?post=7621"}],"curies":[{"name":"wp","href":"https:\/\/api.w.org\/{rel}","templated":true}]}}